{"id":84,"date":"2019-03-01T16:05:30","date_gmt":"2019-03-01T15:05:30","guid":{"rendered":"https:\/\/www.wilderer-shop.de\/wordpress\/?p=84"},"modified":"2019-03-01T16:05:45","modified_gmt":"2019-03-01T15:05:45","slug":"wilderei","status":"publish","type":"post","link":"https:\/\/www.wilderer-shop.de\/wordpress\/?p=84","title":{"rendered":"Wilderei"},"content":{"rendered":"\n<h3 class=\"wp-block-heading\">historisches-lexikon-bayerns.de<\/h3>\n\n\n\n<p>Die Jagd entwickelte sich im Verlauf des Mittelalters weitgehend zu einem Privileg des Adels. Niederwild konnte die b\u00e4uerliche Bev\u00f6lkerung weiter bejagen. Wilderei spielte erst eine gr\u00f6\u00dfere Rolle, als im 15. Jahrhundert die bayerischen Herz\u00f6ge das Jagdrecht als Regal beanspruchten und seit dem 16. Jahrhundert Wilderei als Schwerverbrechen ahndeten und mit der Todesstrafe belegten. Der Landesherr monopolisierte die Jagd. Sie wurde zu einem zentralen Element barocken h\u00f6fischen Lebens. Wilderer gingen allerdings kein gro\u00dfes Risiko ein. Wenn es \u00fcberhaupt gelang, sie aufzusp\u00fcren, waren die Strafen selten hart. Manche Wilderer wurden zu Volkshelden stilisiert und fanden \u00fcber Wildsch\u00fctzenlieder Eingang in die Volkskultur (Bayerischer Hiasl, Jennerwein). Nach 1800 wurden die Jagdgesetze gelockert, das Jagdregal abgeschafft und die Strafen gemildert. Seit den 1830er Jahren versch\u00e4rften sich die Konflikte allerdings wieder, denn die von der Grundherrschaft befreiten Bauern lehnten sich dagegen auf, dass die Jagd im Grunde Vorrecht der privilegierten Bev\u00f6lkerungsschichten blieb. Im 20. Jahrhundert flammte die Wilderei vor allem zu Krisenzeiten (Erster Weltkrieg, Nachkriegszeit und Inflation) wieder auf, um schlie\u00dflich ein Gelegenheits- und Freizeitdelikt zu werden&#8230; <a href=\"https:\/\/www.historisches-lexikon-bayerns.de\/Lexikon\/Wilderei\" target=\"_blank\" rel=\"noreferrer noopener\" aria-label=\"Weiter zur Seite das Autors\u2026 (\u00f6ffnet in neuem Tab)\">Weiter zur Seite das Autors\u2026<\/a><\/p>\n","protected":false},"excerpt":{"rendered":"<p>historisches-lexikon-bayerns.de Die Jagd entwickelte sich im Verlauf des Mittelalters weitgehend zu einem Privileg des Adels. Niederwild konnte die b\u00e4uerliche Bev\u00f6lkerung weiter bejagen. Wilderei spielte erst eine gr\u00f6\u00dfere Rolle, als im 15. Jahrhundert die bayerischen Herz\u00f6ge das Jagdrecht als Regal beanspruchten und seit dem 16. Jahrhundert Wilderei als Schwerverbrechen ahndeten und mit der Todesstrafe belegten. Der &hellip; <a href=\"https:\/\/www.wilderer-shop.de\/wordpress\/?p=84\">Weiterlesen<\/a><\/p>\n","protected":false},"author":1,"featured_media":0,"comment_status":"closed","ping_status":"closed","sticky":false,"template":"","format":"standard","meta":{"footnotes":""},"categories":[5],"tags":[],"_links":{"self":[{"href":"https:\/\/www.wilderer-shop.de\/wordpress\/index.php?rest_route=\/wp\/v2\/posts\/84"}],"collection":[{"href":"https:\/\/www.wilderer-shop.de\/wordpress\/index.php?rest_route=\/wp\/v2\/posts"}],"about":[{"href":"https:\/\/www.wilderer-shop.de\/wordpress\/index.php?rest_route=\/wp\/v2\/types\/post"}],"author":[{"embeddable":true,"href":"https:\/\/www.wilderer-shop.de\/wordpress\/index.php?rest_route=\/wp\/v2\/users\/1"}],"replies":[{"embeddable":true,"href":"https:\/\/www.wilderer-shop.de\/wordpress\/index.php?rest_route=%2Fwp%2Fv2%2Fcomments&post=84"}],"version-history":[{"count":2,"href":"https:\/\/www.wilderer-shop.de\/wordpress\/index.php?rest_route=\/wp\/v2\/posts\/84\/revisions"}],"predecessor-version":[{"id":86,"href":"https:\/\/www.wilderer-shop.de\/wordpress\/index.php?rest_route=\/wp\/v2\/posts\/84\/revisions\/86"}],"wp:attachment":[{"href":"https:\/\/www.wilderer-shop.de\/wordpress\/index.php?rest_route=%2Fwp%2Fv2%2Fmedia&parent=84"}],"wp:term":[{"taxonomy":"category","embeddable":true,"href":"https:\/\/www.wilderer-shop.de\/wordpress\/index.php?rest_route=%2Fwp%2Fv2%2Fcategories&post=84"},{"taxonomy":"post_tag","embeddable":true,"href":"https:\/\/www.wilderer-shop.de\/wordpress\/index.php?rest_route=%2Fwp%2Fv2%2Ftags&post=84"}],"curies":[{"name":"wp","href":"https:\/\/api.w.org\/{rel}","templated":true}]}}